{"id":3450,"date":"2021-10-12T22:42:53","date_gmt":"2021-10-12T20:42:53","guid":{"rendered":"https:\/\/editionstoutechose.fr\/postface-de-dominique-biteau-et-tomasz-celner\/"},"modified":"2026-01-29T20:16:12","modified_gmt":"2026-01-29T19:16:12","slug":"postface-de-dominique-biteau-et-tomasz-celner","status":"publish","type":"post","link":"https:\/\/editionstoutechose.fr\/pl\/postface-de-dominique-biteau-et-tomasz-celner\/","title":{"rendered":"POSTFACE de Dominique Biteau et Tomasz Celner"},"content":{"rendered":"<div class=\"wpb-content-wrapper\"><p>[vc_row][vc_column][vc_column_text]<\/p>\r\n\r\n<h2 class=\"wp-block-heading\">POSTFACE \u2022 Lire la 4e de couverture. Illustrations<\/h2>\r\n\r\n<p>&nbsp;<\/p>\r\n\r\n<div class=\"wp-block-media-text alignwide is-stacked-on-mobile\" style=\"grid-template-columns: 17% auto;\">\r\n<figure class=\"wp-block-media-text__media\"><img loading=\"lazy\" decoding=\"async\" class=\"alignnone size-medium wp-image-3008\" src=\"https:\/\/editionstoutechose.fr\/wp-content\/uploads\/2021\/10\/1000x625_Couverture_Postface_DBTC-188x300.jpg\" alt=\"Postface\" width=\"188\" height=\"300\" srcset=\"https:\/\/editionstoutechose.fr\/wp-content\/uploads\/2021\/10\/1000x625_Couverture_Postface_DBTC-188x300.jpg 188w, https:\/\/editionstoutechose.fr\/wp-content\/uploads\/2021\/10\/1000x625_Couverture_Postface_DBTC-558x893.jpg 558w, https:\/\/editionstoutechose.fr\/wp-content\/uploads\/2021\/10\/1000x625_Couverture_Postface_DBTC-550x880.jpg 550w, https:\/\/editionstoutechose.fr\/wp-content\/uploads\/2021\/10\/1000x625_Couverture_Postface_DBTC-416x666.jpg 416w, https:\/\/editionstoutechose.fr\/wp-content\/uploads\/2021\/10\/1000x625_Couverture_Postface_DBTC.jpg 625w\" sizes=\"auto, (max-width: 188px) 100vw, 188px\" \/><\/figure>\r\n<div class=\"wp-block-media-text__content\">\r\n<p>POSTFACE de Dominique Biteau et Tomasz Celner. ELLE est avocate, LUI est artiste-peintre. Bien que leur relation soit interrompue par la mort de l\u2019homme, le couple continue \u00e0 dialoguer, durant 52 semaines, le temps d\u2019un deuil. S\u2019ouvre le champ des r\u00e9miniscences et des r\u00e9flexions des protagonistes dans leurs mondes boulevers\u00e9s.<\/p>\r\n<\/div>\r\n<\/div>\r\n\r\n<p> La mort, malgr\u00e9 la confusion qu\u2019elle cr\u00e9e, est un terrain de contemplation sur l\u2019amour, la cr\u00e9ation, la vie\u2026 Le style de ce roman-dialogue oscille entre une narration r\u00e9aliste et une prose po\u00e9tique et onirique. <\/p>\r\n<p><!-- \/wp:post-content --><\/p>\r\n<p><!-- wp:heading {\"textAlign\":\"center\",\"level\":3,\"style\":{\"color\":{\"text\":\"#091da3\"}}} --><\/p>\r\n<h3 class=\"has-text-align-center has-text-color\" style=\"color: #091da3;\">Extraits du livre<\/h3>\r\n<p><!-- \/wp:heading --><\/p>\r\n<p><!-- wp:paragraph -->Nous nous sommes \u00e9vad\u00e9s au bord de l\u2019oc\u00e9an. L\u2019eau \u00e9tait lasse et calme, nous pouvions refl\u00e9ter nos avenirs dans sa surface. Soudain, l\u2019horizon s\u2019est assombri, une lumi\u00e8re bleu turquoise est descendue sur nous. Tu t\u2019es blottie contre moi et tu as dit\u2009: \u00ab\u2009J\u2019ai froid.\u2009\u00bb Je t\u2019ai pris dans mes bras et j\u2019ai trembl\u00e9. Nous \u00e9tions seuls sur cette plage bleue hors saison, compl\u00e8tement seuls.<br \/>En rentrant dans la chambre de l\u2019h\u00f4tel VORTEX, lou\u00e9e le soir m\u00eame, nous nous sommes aim\u00e9s. Ce fut bouleversant de m\u2019approcher de ta peau, de la traverser, de p\u00e9n\u00e9trer ton corps puissant et ton sexe g\u00e9n\u00e9reux. <em>(Semaine 5 : LUI)<\/em><\/p>\r\n<p><!-- \/wp:paragraph --><\/p>\r\n<p><!-- wp:paragraph -->Dans le calme du soir, le ciel s\u2019\u00e9teint progressivement. Les genoux remont\u00e9s jusqu\u2019\u00e0 la poitrine, serr\u00e9s entre mes bras, je demeure prostr\u00e9e. Aucun bruit ne perturbe le flux de mes r\u00e9flexions. Je suis seule. Sur la table, une bougie a fini de se consumer. Fin de vie de bougie. Je me d\u00e9ploie, mes muscles reprennent leur vie de muscles. Je compose ton num\u00e9ro, le raccourci clavier \u00ab\u20091\u2009\u00bb. \u00ab\u2009Il n\u2019y a pas d\u2019abonn\u00e9 au num\u00e9ro demand\u00e9, il n\u2019y a pas d\u2019abonn\u00e9\u2026\u2009\u00bb L\u2019appareil s\u2019explose contre le mur. <em>(Semaine 12 : ELLE)<\/em><\/p>\r\n<p><iframe loading=\"lazy\" title=\"POSTFACE \u2022 roman de Dominique Biteau et Tomasz Celner\" width=\"563\" height=\"1000\" src=\"https:\/\/www.youtube.com\/embed\/lNJKCM_beLg?feature=oembed\" frameborder=\"0\" allow=\"accelerometer; autoplay; clipboard-write; encrypted-media; gyroscope; picture-in-picture; web-share\" referrerpolicy=\"strict-origin-when-cross-origin\" allowfullscreen><\/iframe><\/p>\r\n<p><!-- \/wp:paragraph --><\/p>\r\n<p><!-- wp:separator {\"className\":\"is-style-wide\"} --><\/p>\r\n<p>[\/vc_column_text][vc_row_inner][vc_column_inner][vc_column_text]<\/p>\r\n<p><strong>T\u00e9l\u00e9charger<\/strong> <strong>le d\u00e9but du livre<br \/><\/strong><\/p>\r\n<p><a href=\"https:\/\/editionstoutechose.fr\/wp-content\/uploads\/2021\/10\/POSTFACE_Extrait.epub\"><img loading=\"lazy\" decoding=\"async\" class=\"alignnone wp-image-4301\" src=\"https:\/\/editionstoutechose.fr\/wp-content\/uploads\/2022\/10\/ePub_ico\u0302ne-300x300.png\" alt=\"\" width=\"50\" height=\"50\" srcset=\"https:\/\/editionstoutechose.fr\/wp-content\/uploads\/2022\/10\/ePub_ico\u0302ne-300x300.png 300w, https:\/\/editionstoutechose.fr\/wp-content\/uploads\/2022\/10\/ePub_ico\u0302ne-150x150.png 150w, https:\/\/editionstoutechose.fr\/wp-content\/uploads\/2022\/10\/ePub_ico\u0302ne-220x220.png 220w, https:\/\/editionstoutechose.fr\/wp-content\/uploads\/2022\/10\/ePub_ico\u0302ne.png 400w\" sizes=\"auto, (max-width: 50px) 100vw, 50px\" \/><\/a><a href=\"https:\/\/editionstoutechose.fr\/wp-content\/uploads\/2021\/10\/POSTFACE_Extrait.mobi\"><img loading=\"lazy\" decoding=\"async\" class=\"alignnone wp-image-4303\" src=\"https:\/\/editionstoutechose.fr\/wp-content\/uploads\/2022\/10\/Kindle_ico\u0302ne-300x300.png\" alt=\"POSTFACE_extrait Kindle\" width=\"50\" height=\"50\" srcset=\"https:\/\/editionstoutechose.fr\/wp-content\/uploads\/2022\/10\/Kindle_ico\u0302ne-300x300.png 300w, https:\/\/editionstoutechose.fr\/wp-content\/uploads\/2022\/10\/Kindle_ico\u0302ne-150x150.png 150w, https:\/\/editionstoutechose.fr\/wp-content\/uploads\/2022\/10\/Kindle_ico\u0302ne-220x220.png 220w, https:\/\/editionstoutechose.fr\/wp-content\/uploads\/2022\/10\/Kindle_ico\u0302ne.png 400w\" sizes=\"auto, (max-width: 50px) 100vw, 50px\" \/><\/a><a href=\"https:\/\/editionstoutechose.fr\/wp-content\/uploads\/2021\/10\/Postface_Extrait.pdf\"><img loading=\"lazy\" decoding=\"async\" class=\"alignnone wp-image-4305\" src=\"https:\/\/editionstoutechose.fr\/wp-content\/uploads\/2022\/10\/PDF_ico\u0302ne1-300x300.png\" alt=\"\" width=\"50\" height=\"50\" srcset=\"https:\/\/editionstoutechose.fr\/wp-content\/uploads\/2022\/10\/PDF_ico\u0302ne1-300x300.png 300w, https:\/\/editionstoutechose.fr\/wp-content\/uploads\/2022\/10\/PDF_ico\u0302ne1-150x150.png 150w, https:\/\/editionstoutechose.fr\/wp-content\/uploads\/2022\/10\/PDF_ico\u0302ne1-220x220.png 220w, https:\/\/editionstoutechose.fr\/wp-content\/uploads\/2022\/10\/PDF_ico\u0302ne1.png 400w\" sizes=\"auto, (max-width: 50px) 100vw, 50px\" \/><\/a><\/p>\r\n<hr \/>\r\n<p><span style=\"color: #999999;\"><em>NB. Quelques sc\u00e8nes explicites de ce livre peuvent heurter la sensibilit\u00e9 du jeune public.<\/em><\/span><\/p>\r\n<p>[\/vc_column_text][\/vc_column_inner][\/vc_row_inner][\/vc_column][\/vc_row][vc_row][vc_column][vc_btn title=&#8221;ACHETER &#8222;Postface&#8222; (eBook et livre imprim\u00e9)&#8221; color=&#8221;mulled-wine&#8221; size=&#8221;lg&#8221; align=&#8221;center&#8221; i_icon_fontawesome=&#8221;fas fa-cart-plus&#8221; button_block=&#8221;true&#8221; add_icon=&#8221;true&#8221; link=&#8221;url:%20https%3A%2F%2Feditionstoutechose.fr%2Flivres%2Fpostface%2F|target:_blank&#8221;][vc_row_inner][vc_column_inner][vc_column_text]<\/p>\r\n<div class=\"wp-block-image\">\r\n<figure class=\"aligncenter size-full\"><img loading=\"lazy\" decoding=\"async\" class=\"wp-image-2912 aligncenter\" src=\"https:\/\/editionstoutechose.fr\/wp-content\/uploads\/2021\/10\/3_Stoer.jpg\" alt=\"POSTFACE de Dominique Biteau et Tomasz Celner\" width=\"576\" height=\"142\" srcset=\"https:\/\/editionstoutechose.fr\/wp-content\/uploads\/2021\/10\/3_Stoer.jpg 576w, https:\/\/editionstoutechose.fr\/wp-content\/uploads\/2021\/10\/3_Stoer-550x136.jpg 550w, https:\/\/editionstoutechose.fr\/wp-content\/uploads\/2021\/10\/3_Stoer-416x103.jpg 416w, https:\/\/editionstoutechose.fr\/wp-content\/uploads\/2021\/10\/3_Stoer-300x74.jpg 300w, https:\/\/editionstoutechose.fr\/wp-content\/uploads\/2021\/10\/3_Stoer-558x138.jpg 558w\" sizes=\"auto, (max-width: 576px) 100vw, 576px\" \/><\/figure>\r\n<\/div>\r\n<p><!-- \/wp:separator --><\/p>\r\n<p><!-- wp:paragraph -->POSTFACE de Dominique Biteau et Tomasz Celner est illustr\u00e9 avec des vignettes en noir et blanc, \u00e9tant les d\u00e9tails des estampes <em>Geometria et Perspectiva<\/em> (1567) de Lorenz St\u00f6er qui aurait \u00e9t\u00e9 un \u00e9l\u00e8ve d&#8217;Albrecht D\u00fcrer\u2026 Ci-dessous, nous vous pr\u00e9sentons quelques reproductions d&#8217;estampes non recadr\u00e9es et en couleur. <span style=\"color: #666699;\"><em>(Cliquez sur l&#8217;image pour ouvrir le diaporama)<\/em><\/span><\/p>\r\n<p>[\/vc_column_text][\/vc_column_inner][\/vc_row_inner][\/vc_column][\/vc_row][vc_row full_width=&#8221;stretch_row_content&#8221; content_placement=&#8221;top&#8221;][vc_column width=&#8221;1\/4&#8243;][\/vc_column][vc_column width=&#8221;1\/4&#8243;][vc_images_carousel images=&#8221;3311,3312,3313,3314,3315&#8243; img_size=&#8221;420&#215;588&#8243; onclick=&#8221;kalium_lightbox&#8221; speed=&#8221;2000&#8243; autoplay=&#8221;yes&#8221;][\/vc_column][vc_column width=&#8221;1\/4&#8243;][\/vc_column][vc_column width=&#8221;1\/4&#8243;][\/vc_column][\/vc_row][vc_row][vc_column][vc_column_text]<\/p>\r\n<p>[\/vc_column_text][\/vc_column][\/vc_row]<\/p><\/div>","protected":false},"excerpt":{"rendered":"<p>[vc_row][vc_column][vc_column_text] POSTFACE \u2022 Lire la 4e de couverture. Illustrations &nbsp; POSTFACE de Dominique Biteau et Tomasz Celner. ELLE est avocate, LUI est artiste-peintre. Bien que leur relation soit interrompue par la mort de l\u2019homme, le couple continue \u00e0 dialoguer, durant 52 semaines, le temps d\u2019un deuil. S\u2019ouvre le champ des r\u00e9miniscences et des r\u00e9flexions des&hellip;<\/p>\n","protected":false},"author":1,"featured_media":3308,"comment_status":"closed","ping_status":"closed","sticky":false,"template":"","format":"standard","meta":{"_acf_changed":false,"footnotes":""},"categories":[426,463],"tags":[],"class_list":["post-3450","post","type-post","status-publish","format-standard","has-post-thumbnail","hentry","category-artykuly-po-francusku","category-prezentacja-pl"],"acf":[],"yoast_head":"<!-- This site is optimized with the Yoast SEO plugin v27.4 - https:\/\/yoast.com\/product\/yoast-seo-wordpress\/ -->\n<title>POSTFACE autorstwa Dominique Biteau i Tomasza Celnera - Powie\u015b\u0107<\/title>\n<meta name=\"description\" content=\"POSTFACE de Dominique Biteau et Tomasz Celner. Dialogue entre ELLE et LUI. Lisez la 4e de couverture et les extraits. EBook + livre imprim\u00e9.\" \/>\n<meta name=\"robots\" content=\"index, follow, max-snippet:-1, max-image-preview:large, max-video-preview:-1\" \/>\n<link rel=\"canonical\" href=\"https:\/\/editionstoutechose.fr\/pl\/postface-de-dominique-biteau-et-tomasz-celner\/\" \/>\n<meta property=\"og:locale\" content=\"pl_PL\" \/>\n<meta property=\"og:type\" content=\"article\" \/>\n<meta property=\"og:title\" content=\"POSTFACE autorstwa Dominique Biteau i Tomasza Celnera - Powie\u015b\u0107\" \/>\n<meta property=\"og:description\" content=\"POSTFACE de Dominique Biteau et Tomasz Celner. Dialogue entre ELLE et LUI. Lisez la 4e de couverture et les extraits. EBook + livre imprim\u00e9.\" \/>\n<meta property=\"og:url\" content=\"https:\/\/editionstoutechose.fr\/pl\/postface-de-dominique-biteau-et-tomasz-celner\/\" \/>\n<meta property=\"og:site_name\" content=\"Les \u00c9ditions Toute Chose\" \/>\n<meta property=\"article:author\" content=\"https:\/\/www.facebook.com\/LesEditionsTouteChose\" \/>\n<meta property=\"article:published_time\" content=\"2021-10-12T20:42:53+00:00\" \/>\n<meta property=\"article:modified_time\" content=\"2026-01-29T19:16:12+00:00\" \/>\n<meta property=\"og:image\" content=\"https:\/\/editionstoutechose.fr\/wp-content\/uploads\/2021\/10\/Postface_couv_blog.jpg\" \/>\n\t<meta property=\"og:image:width\" content=\"1920\" \/>\n\t<meta property=\"og:image:height\" content=\"1080\" \/>\n\t<meta property=\"og:image:type\" content=\"image\/jpeg\" \/>\n<meta name=\"author\" content=\"Les \u00c9ditions Toute Chose\" \/>\n<script type=\"application\/ld+json\" class=\"yoast-schema-graph\">{\"@context\":\"https:\\\/\\\/schema.org\",\"@graph\":[{\"@type\":\"Article\",\"@id\":\"https:\\\/\\\/editionstoutechose.fr\\\/pl\\\/postface-de-dominique-biteau-et-tomasz-celner\\\/#article\",\"isPartOf\":{\"@id\":\"https:\\\/\\\/editionstoutechose.fr\\\/pl\\\/postface-de-dominique-biteau-et-tomasz-celner\\\/\"},\"author\":{\"name\":\"Les \u00c9ditions Toute Chose\",\"@id\":\"https:\\\/\\\/editionstoutechose.fr\\\/pl\\\/#\\\/schema\\\/person\\\/bc722839a15ad98846cb92cb5b1f5af5\"},\"headline\":\"POSTFACE de Dominique Biteau et Tomasz Celner\",\"datePublished\":\"2021-10-12T20:42:53+00:00\",\"dateModified\":\"2026-01-29T19:16:12+00:00\",\"mainEntityOfPage\":{\"@id\":\"https:\\\/\\\/editionstoutechose.fr\\\/pl\\\/postface-de-dominique-biteau-et-tomasz-celner\\\/\"},\"wordCount\":585,\"image\":{\"@id\":\"https:\\\/\\\/editionstoutechose.fr\\\/pl\\\/postface-de-dominique-biteau-et-tomasz-celner\\\/#primaryimage\"},\"thumbnailUrl\":\"https:\\\/\\\/editionstoutechose.fr\\\/wp-content\\\/uploads\\\/2021\\\/10\\\/Postface_couv_blog.jpg\",\"articleSection\":[\"Artyku\u0142y po francusku\",\"Prezentacja\"],\"inLanguage\":\"pl-PL\"},{\"@type\":\"WebPage\",\"@id\":\"https:\\\/\\\/editionstoutechose.fr\\\/pl\\\/postface-de-dominique-biteau-et-tomasz-celner\\\/\",\"url\":\"https:\\\/\\\/editionstoutechose.fr\\\/pl\\\/postface-de-dominique-biteau-et-tomasz-celner\\\/\",\"name\":\"POSTFACE autorstwa Dominique Biteau i Tomasza Celnera - Powie\u015b\u0107\",\"isPartOf\":{\"@id\":\"https:\\\/\\\/editionstoutechose.fr\\\/pl\\\/#website\"},\"primaryImageOfPage\":{\"@id\":\"https:\\\/\\\/editionstoutechose.fr\\\/pl\\\/postface-de-dominique-biteau-et-tomasz-celner\\\/#primaryimage\"},\"image\":{\"@id\":\"https:\\\/\\\/editionstoutechose.fr\\\/pl\\\/postface-de-dominique-biteau-et-tomasz-celner\\\/#primaryimage\"},\"thumbnailUrl\":\"https:\\\/\\\/editionstoutechose.fr\\\/wp-content\\\/uploads\\\/2021\\\/10\\\/Postface_couv_blog.jpg\",\"datePublished\":\"2021-10-12T20:42:53+00:00\",\"dateModified\":\"2026-01-29T19:16:12+00:00\",\"author\":{\"@id\":\"https:\\\/\\\/editionstoutechose.fr\\\/pl\\\/#\\\/schema\\\/person\\\/bc722839a15ad98846cb92cb5b1f5af5\"},\"description\":\"POSTFACE de Dominique Biteau et Tomasz Celner. Dialogue entre ELLE et LUI. Lisez la 4e de couverture et les extraits. EBook + livre imprim\u00e9.\",\"inLanguage\":\"pl-PL\",\"potentialAction\":[{\"@type\":\"ReadAction\",\"target\":[\"https:\\\/\\\/editionstoutechose.fr\\\/pl\\\/postface-de-dominique-biteau-et-tomasz-celner\\\/\"]}]},{\"@type\":\"ImageObject\",\"inLanguage\":\"pl-PL\",\"@id\":\"https:\\\/\\\/editionstoutechose.fr\\\/pl\\\/postface-de-dominique-biteau-et-tomasz-celner\\\/#primaryimage\",\"url\":\"https:\\\/\\\/editionstoutechose.fr\\\/wp-content\\\/uploads\\\/2021\\\/10\\\/Postface_couv_blog.jpg\",\"contentUrl\":\"https:\\\/\\\/editionstoutechose.fr\\\/wp-content\\\/uploads\\\/2021\\\/10\\\/Postface_couv_blog.jpg\",\"width\":1920,\"height\":1080},{\"@type\":\"WebSite\",\"@id\":\"https:\\\/\\\/editionstoutechose.fr\\\/pl\\\/#website\",\"url\":\"https:\\\/\\\/editionstoutechose.fr\\\/pl\\\/\",\"name\":\"Les \u00c9ditions Toute Chose\",\"description\":\"\",\"potentialAction\":[{\"@type\":\"SearchAction\",\"target\":{\"@type\":\"EntryPoint\",\"urlTemplate\":\"https:\\\/\\\/editionstoutechose.fr\\\/pl\\\/?s={search_term_string}\"},\"query-input\":{\"@type\":\"PropertyValueSpecification\",\"valueRequired\":true,\"valueName\":\"search_term_string\"}}],\"inLanguage\":\"pl-PL\"},{\"@type\":\"Person\",\"@id\":\"https:\\\/\\\/editionstoutechose.fr\\\/pl\\\/#\\\/schema\\\/person\\\/bc722839a15ad98846cb92cb5b1f5af5\",\"name\":\"Les \u00c9ditions Toute Chose\",\"image\":{\"@type\":\"ImageObject\",\"inLanguage\":\"pl-PL\",\"@id\":\"https:\\\/\\\/secure.gravatar.com\\\/avatar\\\/619dd33cd16e395d8654b6dc2ada3f4e4dd5922e89b1681d2accfb13323b5661?s=96&d=identicon&r=g\",\"url\":\"https:\\\/\\\/secure.gravatar.com\\\/avatar\\\/619dd33cd16e395d8654b6dc2ada3f4e4dd5922e89b1681d2accfb13323b5661?s=96&d=identicon&r=g\",\"contentUrl\":\"https:\\\/\\\/secure.gravatar.com\\\/avatar\\\/619dd33cd16e395d8654b6dc2ada3f4e4dd5922e89b1681d2accfb13323b5661?s=96&d=identicon&r=g\",\"caption\":\"Les \u00c9ditions Toute Chose\"},\"sameAs\":[\"http:\\\/\\\/editionstoutechose.fr\",\"https:\\\/\\\/www.facebook.com\\\/LesEditionsTouteChose\"],\"url\":\"https:\\\/\\\/editionstoutechose.fr\\\/pl\\\/author\\\/07toutechose\\\/\"}]}<\/script>\n<!-- \/ Yoast SEO plugin. -->","yoast_head_json":{"title":"POSTFACE autorstwa Dominique Biteau i Tomasza Celnera - Powie\u015b\u0107","description":"POSTFACE de Dominique Biteau et Tomasz Celner. Dialogue entre ELLE et LUI. Lisez la 4e de couverture et les extraits. EBook + livre imprim\u00e9.","robots":{"index":"index","follow":"follow","max-snippet":"max-snippet:-1","max-image-preview":"max-image-preview:large","max-video-preview":"max-video-preview:-1"},"canonical":"https:\/\/editionstoutechose.fr\/pl\/postface-de-dominique-biteau-et-tomasz-celner\/","og_locale":"pl_PL","og_type":"article","og_title":"POSTFACE autorstwa Dominique Biteau i Tomasza Celnera - Powie\u015b\u0107","og_description":"POSTFACE de Dominique Biteau et Tomasz Celner. Dialogue entre ELLE et LUI. Lisez la 4e de couverture et les extraits. EBook + livre imprim\u00e9.","og_url":"https:\/\/editionstoutechose.fr\/pl\/postface-de-dominique-biteau-et-tomasz-celner\/","og_site_name":"Les \u00c9ditions Toute Chose","article_author":"https:\/\/www.facebook.com\/LesEditionsTouteChose","article_published_time":"2021-10-12T20:42:53+00:00","article_modified_time":"2026-01-29T19:16:12+00:00","og_image":[{"width":1920,"height":1080,"url":"https:\/\/editionstoutechose.fr\/wp-content\/uploads\/2021\/10\/Postface_couv_blog.jpg","type":"image\/jpeg"}],"author":"Les \u00c9ditions Toute Chose","schema":{"@context":"https:\/\/schema.org","@graph":[{"@type":"Article","@id":"https:\/\/editionstoutechose.fr\/pl\/postface-de-dominique-biteau-et-tomasz-celner\/#article","isPartOf":{"@id":"https:\/\/editionstoutechose.fr\/pl\/postface-de-dominique-biteau-et-tomasz-celner\/"},"author":{"name":"Les \u00c9ditions Toute Chose","@id":"https:\/\/editionstoutechose.fr\/pl\/#\/schema\/person\/bc722839a15ad98846cb92cb5b1f5af5"},"headline":"POSTFACE de Dominique Biteau et Tomasz Celner","datePublished":"2021-10-12T20:42:53+00:00","dateModified":"2026-01-29T19:16:12+00:00","mainEntityOfPage":{"@id":"https:\/\/editionstoutechose.fr\/pl\/postface-de-dominique-biteau-et-tomasz-celner\/"},"wordCount":585,"image":{"@id":"https:\/\/editionstoutechose.fr\/pl\/postface-de-dominique-biteau-et-tomasz-celner\/#primaryimage"},"thumbnailUrl":"https:\/\/editionstoutechose.fr\/wp-content\/uploads\/2021\/10\/Postface_couv_blog.jpg","articleSection":["Artyku\u0142y po francusku","Prezentacja"],"inLanguage":"pl-PL"},{"@type":"WebPage","@id":"https:\/\/editionstoutechose.fr\/pl\/postface-de-dominique-biteau-et-tomasz-celner\/","url":"https:\/\/editionstoutechose.fr\/pl\/postface-de-dominique-biteau-et-tomasz-celner\/","name":"POSTFACE autorstwa Dominique Biteau i Tomasza Celnera - Powie\u015b\u0107","isPartOf":{"@id":"https:\/\/editionstoutechose.fr\/pl\/#website"},"primaryImageOfPage":{"@id":"https:\/\/editionstoutechose.fr\/pl\/postface-de-dominique-biteau-et-tomasz-celner\/#primaryimage"},"image":{"@id":"https:\/\/editionstoutechose.fr\/pl\/postface-de-dominique-biteau-et-tomasz-celner\/#primaryimage"},"thumbnailUrl":"https:\/\/editionstoutechose.fr\/wp-content\/uploads\/2021\/10\/Postface_couv_blog.jpg","datePublished":"2021-10-12T20:42:53+00:00","dateModified":"2026-01-29T19:16:12+00:00","author":{"@id":"https:\/\/editionstoutechose.fr\/pl\/#\/schema\/person\/bc722839a15ad98846cb92cb5b1f5af5"},"description":"POSTFACE de Dominique Biteau et Tomasz Celner. Dialogue entre ELLE et LUI. Lisez la 4e de couverture et les extraits. EBook + livre imprim\u00e9.","inLanguage":"pl-PL","potentialAction":[{"@type":"ReadAction","target":["https:\/\/editionstoutechose.fr\/pl\/postface-de-dominique-biteau-et-tomasz-celner\/"]}]},{"@type":"ImageObject","inLanguage":"pl-PL","@id":"https:\/\/editionstoutechose.fr\/pl\/postface-de-dominique-biteau-et-tomasz-celner\/#primaryimage","url":"https:\/\/editionstoutechose.fr\/wp-content\/uploads\/2021\/10\/Postface_couv_blog.jpg","contentUrl":"https:\/\/editionstoutechose.fr\/wp-content\/uploads\/2021\/10\/Postface_couv_blog.jpg","width":1920,"height":1080},{"@type":"WebSite","@id":"https:\/\/editionstoutechose.fr\/pl\/#website","url":"https:\/\/editionstoutechose.fr\/pl\/","name":"Les \u00c9ditions Toute Chose","description":"","potentialAction":[{"@type":"SearchAction","target":{"@type":"EntryPoint","urlTemplate":"https:\/\/editionstoutechose.fr\/pl\/?s={search_term_string}"},"query-input":{"@type":"PropertyValueSpecification","valueRequired":true,"valueName":"search_term_string"}}],"inLanguage":"pl-PL"},{"@type":"Person","@id":"https:\/\/editionstoutechose.fr\/pl\/#\/schema\/person\/bc722839a15ad98846cb92cb5b1f5af5","name":"Les \u00c9ditions Toute Chose","image":{"@type":"ImageObject","inLanguage":"pl-PL","@id":"https:\/\/secure.gravatar.com\/avatar\/619dd33cd16e395d8654b6dc2ada3f4e4dd5922e89b1681d2accfb13323b5661?s=96&d=identicon&r=g","url":"https:\/\/secure.gravatar.com\/avatar\/619dd33cd16e395d8654b6dc2ada3f4e4dd5922e89b1681d2accfb13323b5661?s=96&d=identicon&r=g","contentUrl":"https:\/\/secure.gravatar.com\/avatar\/619dd33cd16e395d8654b6dc2ada3f4e4dd5922e89b1681d2accfb13323b5661?s=96&d=identicon&r=g","caption":"Les \u00c9ditions Toute Chose"},"sameAs":["http:\/\/editionstoutechose.fr","https:\/\/www.facebook.com\/LesEditionsTouteChose"],"url":"https:\/\/editionstoutechose.fr\/pl\/author\/07toutechose\/"}]}},"_links":{"self":[{"href":"https:\/\/editionstoutechose.fr\/pl\/wp-json\/wp\/v2\/posts\/3450","targetHints":{"allow":["GET"]}}],"collection":[{"href":"https:\/\/editionstoutechose.fr\/pl\/wp-json\/wp\/v2\/posts"}],"about":[{"href":"https:\/\/editionstoutechose.fr\/pl\/wp-json\/wp\/v2\/types\/post"}],"author":[{"embeddable":true,"href":"https:\/\/editionstoutechose.fr\/pl\/wp-json\/wp\/v2\/users\/1"}],"replies":[{"embeddable":true,"href":"https:\/\/editionstoutechose.fr\/pl\/wp-json\/wp\/v2\/comments?post=3450"}],"version-history":[{"count":0,"href":"https:\/\/editionstoutechose.fr\/pl\/wp-json\/wp\/v2\/posts\/3450\/revisions"}],"wp:featuredmedia":[{"embeddable":true,"href":"https:\/\/editionstoutechose.fr\/pl\/wp-json\/wp\/v2\/media\/3308"}],"wp:attachment":[{"href":"https:\/\/editionstoutechose.fr\/pl\/wp-json\/wp\/v2\/media?parent=3450"}],"wp:term":[{"taxonomy":"category","embeddable":true,"href":"https:\/\/editionstoutechose.fr\/pl\/wp-json\/wp\/v2\/categories?post=3450"},{"taxonomy":"post_tag","embeddable":true,"href":"https:\/\/editionstoutechose.fr\/pl\/wp-json\/wp\/v2\/tags?post=3450"}],"curies":[{"name":"wp","href":"https:\/\/api.w.org\/{rel}","templated":true}]}}